{"id":279,"date":"2020-09-30T13:16:32","date_gmt":"2020-09-30T16:16:32","guid":{"rendered":"https:\/\/metrar.com.ar\/blog\/?p=279"},"modified":"2021-02-26T15:52:55","modified_gmt":"2021-02-26T18:52:55","slug":"feria-mundial-del-aluminio-llegara-a-dusseldorf","status":"publish","type":"post","link":"https:\/\/metrar.com.ar\/blog\/feria-mundial-del-aluminio-llegara-a-dusseldorf\/","title":{"rendered":"Feria Mundial del Aluminio llegar\u00e1 a D\u00fcsseldorf"},"content":{"rendered":"<p>Uno de los eventos m\u00e1s importantes en el mundo para la <a href=\"https:\/\/distribuidoradealuminio.net\/blog\/caracteristicas-de-las-estructuras-metalicas\/\" target=\"_blank\" rel=\"noopener\">industria del aluminio<\/a> es la Feria Mundial del Aluminio. Esta, mejor conocida como ALUMINUM. Es un evento que tiene lugar cada dos a\u00f1os en D\u00fcsseldorf. Se considera como el punto de encuentro internacional m\u00e1s importante para todos los fabricantes de aluminio, los transformadores, quienes proveen productos semiacabados y quienes realizan tratamientos del aluminio.<br \/>\nEn esta ocasi\u00f3n, toda la industria del aluminio a nivel mundial se reunir\u00e1 el d\u00eda 18 de mayo de 2021 en la feria mundial. Esta, referente del metal, pero, tambi\u00e9n, la m\u00e1s importante del mundo. Esta ten\u00eda una fecha anterior, pero debi\u00f3 ser pospuesta hasta el 18 de mayo como consecuencia de los efectos de la pandemia del COVID-19.<\/p>\n<h2>El cambio de fecha<\/h2>\n<p>La decisi\u00f3n de posponer la celebraci\u00f3n de la Feria Mundial del Aluminio fue adoptada luego de diversas discusiones con miembros del sector. En general, la decisi\u00f3n se tom\u00f3 en consideraci\u00f3n con el conjunto de los sectores de la industria. Tambi\u00e9n participaron los socios que se pronunciaron a favor de esperar a que se pudieran dar las condiciones adecuadas necesarias para poder reunirse en un evento de estas caracter\u00edsticas. Se debe tener en cuenta que la industria del aluminio se ha visto fuertemente afectada por las medidas de cierre de la pandemia del coronavirus, como as\u00ed tambi\u00e9n las cadenas de suministros.<\/p>\n<p>El Director General de la organizadora Reed Exhibitions Deutschland GmbH explica que:<\/p>\n<blockquote><p>Dese\u00e1bamos haber podido congregar a la industria del Aluminio nuevamente en octubre. Lamentablemente, esta esperanza no ha podido cumplirse a causa de la pandemia y tras escuchar a la gran mayor\u00eda de los expositores, hemos decidido mover la gran cita con ALUMINUM hasta el pr\u00f3ximo a\u00f1o<\/p><\/blockquote>\n<p>Estiman, en este sentido, que, a trav\u00e9s de aplazar la fecha hasta mayo del 2021, se contar\u00e1 con las condiciones adecuadas para ofrecer a los sectores de la industria del<a href=\"https:\/\/metrar.com.ar\/\"> aluminio<\/a> mayores beneficios para el cliente y, tambi\u00e9n, mejores condiciones para que el balance del evento en general pueda ser exitoso. En este sentido, esperan brindar el impulso necesario para la industria, para que sus sectores puedan vivir lo que se considera un nuevo comienzo.<\/p>\n<h2>El aluminio y la pandemia del COVID-19<\/h2>\n<p>Al estallar la pandemia del nuevo coronavirus, la demanda del aluminio ha sufrido una muy importante ca\u00edda. dicha ca\u00edda se ha dado, en algunos casos, de manera masiva. Este impacto se vio especialmente en industrias de aplicaciones, como es el caso de la industria de la construcci\u00f3n de aviaci\u00f3n y de autom\u00f3viles. Aumentaron considerablemente los pedidos de cancelaci\u00f3n, a la vez que cayeron dr\u00e1sticamente los pedidos al sector. En algunos casos, se encuentran empresas que, directamente, se han visto paralizadas en su totalidad.<\/p>\n<p>No obstante, desde los distintos sectores de la industria del aluminio existe cierto optimismo respecto al pr\u00f3ximo a\u00f1o. Adem\u00e1s, se tiene plena conciencia de que la industria del aluminio es capaz de desempe\u00f1ar un rol clave no solamente en el desarrollo de los pa\u00edses sino tambi\u00e9n en un cambio de rumbo hacia la ecolog\u00eda y la protecci\u00f3n del medio ambiente.<\/p>\n<p>Respecto a la posible recuperaci\u00f3n, Marius Baader, Director Gerente de la Asociaci\u00f3n General de la Industria del Aluminio cuenta que:<\/p>\n<blockquote><p>Nuestra industria actualmente se enfoca en asegurar negocios y empleos. Nuestro material y nuestros productos son las soluciones a los retos del presente y del futuro. Garantizamos movilidad sostenible, edificios energ\u00e9ticamente eficientes, circuito cerrado&#8230; Pero, por el momento, la estabilizaci\u00f3n de la econom\u00eda est\u00e1 en primer plano<\/p><\/blockquote>\n","protected":false},"excerpt":{"rendered":"<p>Uno de los eventos m\u00e1s importantes en el mundo para la industria del aluminio es la Feria Mundial del Aluminio. [&hellip;]<\/p>\n","protected":false},"author":8,"featured_media":0,"comment_status":"closed","ping_status":"closed","sticky":false,"template":"","format":"standard","meta":{"footnotes":""},"categories":[15],"tags":[],"_links":{"self":[{"href":"https:\/\/metrar.com.ar\/blog\/wp-json\/wp\/v2\/posts\/279"}],"collection":[{"href":"https:\/\/metrar.com.ar\/blog\/wp-json\/wp\/v2\/posts"}],"about":[{"href":"https:\/\/metrar.com.ar\/blog\/wp-json\/wp\/v2\/types\/post"}],"author":[{"embeddable":true,"href":"https:\/\/metrar.com.ar\/blog\/wp-json\/wp\/v2\/users\/8"}],"replies":[{"embeddable":true,"href":"https:\/\/metrar.com.ar\/blog\/wp-json\/wp\/v2\/comments?post=279"}],"version-history":[{"count":0,"href":"https:\/\/metrar.com.ar\/blog\/wp-json\/wp\/v2\/posts\/279\/revisions"}],"wp:attachment":[{"href":"https:\/\/metrar.com.ar\/blog\/wp-json\/wp\/v2\/media?parent=279"}],"wp:term":[{"taxonomy":"category","embeddable":true,"href":"https:\/\/metrar.com.ar\/blog\/wp-json\/wp\/v2\/categories?post=279"},{"taxonomy":"post_tag","embeddable":true,"href":"https:\/\/metrar.com.ar\/blog\/wp-json\/wp\/v2\/tags?post=279"}],"curies":[{"name":"wp","href":"https:\/\/api.w.org\/{rel}","templated":true}]}}